{"id":4081,"date":"2025-09-23T17:50:46","date_gmt":"2025-09-23T15:50:46","guid":{"rendered":"https:\/\/www.tarimadeck.com\/blog\/?p=4081"},"modified":"2025-11-12T18:48:31","modified_gmt":"2025-11-12T16:48:31","slug":"vallas-de-composite-para-jardin-guia-practica-de-compra-e-instalacion","status":"publish","type":"post","link":"https:\/\/www.tarimadeck.com\/blog\/vallas-de-composite-para-jardin-guia-practica-de-compra-e-instalacion","title":{"rendered":"Vallas de composite para jard\u00edn: gu\u00eda pr\u00e1ctica de compra e instalaci\u00f3n"},"content":{"rendered":"\n<h2 class=\"wp-block-heading\">1. Qu\u00e9 es el composite (WPC) y por qu\u00e9 es mejor para vallas de exterior<\/h2>\n\n\n\n<p>El <strong>composite<\/strong> (tambi\u00e9n llamado <strong>WPC<\/strong>, <strong>madera tecnol\u00f3gica<\/strong>, <strong>madera sint\u00e9tica<\/strong> o <strong>madera pl\u00e1stica<\/strong>) es una mezcla de fibras de madera y pol\u00edmeros dise\u00f1ada para resistir la intemperie sin los dolores de cabeza de la madera natural.<br><br>\u00bfQu\u00e9 significa en cristiano? Que con una <strong><a href=\"https:\/\/www.tarimadeck.com\/blog\/vallas-de-composite-para-jardin-la-solucion-perfecta-para-tu-jardin\" title=\"\">valla de composite<\/a><\/strong> tendr\u00e1s la <strong>est\u00e9tica c\u00e1lida de la madera<\/strong> con la <strong>estabilidad<\/strong> del pl\u00e1stico t\u00e9cnico: no se astilla, no requiere lijados ni barnices peri\u00f3dicos y mantiene el color y la forma mucho mejor con el paso del tiempo.<\/p>\n\n\n\n<p>En nuestro d\u00eda a d\u00eda \u2014llevamos <strong>m\u00e1s de 15 a\u00f1os vendiendo e instalando vallas<\/strong> de composite, madera y otros cerramientos\u2014 hemos visto que la clave de una buena valla est\u00e1 en dos cosas: <strong>formulaci\u00f3n<\/strong> y <strong>perfil<\/strong>. <br><br>Buen composite + buen dise\u00f1o de lama = valla que <strong>no se retuerce<\/strong> ni \u201chace barriga\u201d con el sol. <br><br>Precisamente por eso trabajamos con <strong>lamas que no se doblan al calor<\/strong> y <strong>postes de aluminio<\/strong>, que no se oxidan ni se estropean.<\/p>\n\n\n\n<h3 class=\"wp-block-heading\">WPC vs. madera tecnol\u00f3gica vs. madera sint\u00e9tica (terminolog\u00eda)<\/h3>\n\n\n\n<p>En internet ver\u00e1s estos t\u00e9rminos como si fueran mundos distintos. En la pr\u00e1ctica, todos apuntan al mismo concepto: <strong>tablas o lamas de madera compuesta<\/strong>. <br><br>Cambian las proporciones, el encapsulado y la textura, pero la promesa es la misma: <strong>bajo mantenimiento<\/strong>, <strong>buena estabilidad dimensional<\/strong> y <strong>acabado imitaci\u00f3n madera<\/strong> cada vez mas realista.<br><br><\/p>\n\n\n\n<figure class=\"wp-block-image size-large\"><img loading=\"lazy\" decoding=\"async\" width=\"1024\" height=\"1024\" src=\"https:\/\/www.tarimadeck.com\/blog\/wp-content\/uploads\/Vallas-de-composite-para-jardin-1024x1024.webp\" alt=\"Vallas de composite para jard\u00edn\" class=\"wp-image-3216\" srcset=\"https:\/\/www.tarimadeck.com\/blog\/wp-content\/uploads\/Vallas-de-composite-para-jardin-1024x1024.webp 1024w, https:\/\/www.tarimadeck.com\/blog\/wp-content\/uploads\/Vallas-de-composite-para-jardin-600x600.webp 600w, https:\/\/www.tarimadeck.com\/blog\/wp-content\/uploads\/Vallas-de-composite-para-jardin-150x150.webp 150w, https:\/\/www.tarimadeck.com\/blog\/wp-content\/uploads\/Vallas-de-composite-para-jardin-1536x1536.webp 1536w, https:\/\/www.tarimadeck.com\/blog\/wp-content\/uploads\/Vallas-de-composite-para-jardin-2048x2048.webp 2048w\" sizes=\"auto, (max-width: 1024px) 100vw, 1024px\" \/><\/figure>\n\n\n\n<p><\/p>\n\n\n\n<hr class=\"wp-block-separator has-alpha-channel-opacity\"\/>\n\n\n\n<p><\/p>\n\n\n\n<h2 class=\"wp-block-heading\">2. Ventajas reales frente a vallas de madera, PVC y aluminio<\/h2>\n\n\n\n<ul class=\"wp-block-list\">\n<li><strong>Frente a madera natural<\/strong>: sin lijar, sin barnizar, sin manchas de taninos. Con el <strong>composite<\/strong> te evitas el mantenimiento intensivo. Yo he sustituido much\u00edsimas vallas de madera por composite porque el cliente estaba cansado del lijado anual.<br><\/li>\n\n\n\n<li><strong>Frente a PVC<\/strong>: m\u00e1s <strong>rigidez<\/strong> y <strong>mejor tacto<\/strong>. El PVC puede decolorar m\u00e1s y flexar con el calor. Con composite bien dise\u00f1ado, ese efecto se minimiza much\u00edsimo.<br><\/li>\n\n\n\n<li><strong>Frente a aluminio<\/strong>: el aluminio es top en estructura (de hecho, usamos <strong>postes de aluminio<\/strong>), pero la lama est\u00e9tica en composite aporta calidez y <strong>mejor ocultaci\u00f3n<\/strong> (sin huecos) con <strong>texturas imitaci\u00f3n madera<\/strong> muy naturales.<\/li>\n<\/ul>\n\n\n\n<p>Un extra diferencial nuestro: <strong>menor separaci\u00f3n entre postes<\/strong>. <br><br>\u00bfPor qu\u00e9 lo hago as\u00ed? Porque <strong>m\u00e1s corto el vano = m\u00e1s robustez y durabilidad<\/strong>. He visto demasiadas vallas sufrir con rachas de viento por querer \u201cahorrar\u201d en postes.<br><br><\/p>\n\n\n<div class=\"wp-block-image\">\n<figure class=\"aligncenter size-full\"><img loading=\"lazy\" decoding=\"async\" width=\"474\" height=\"474\" src=\"https:\/\/www.tarimadeck.com\/blog\/wp-content\/uploads\/valla-composite-lama-teka-alistonada.jpg\" alt=\"valla composite lama teka alistonada\" class=\"wp-image-3662\" srcset=\"https:\/\/www.tarimadeck.com\/blog\/wp-content\/uploads\/valla-composite-lama-teka-alistonada.jpg 474w, https:\/\/www.tarimadeck.com\/blog\/wp-content\/uploads\/valla-composite-lama-teka-alistonada-150x150.jpg 150w\" sizes=\"auto, (max-width: 474px) 100vw, 474px\" \/><\/figure><\/div>\n\n\n<p><\/p>\n\n\n\n<hr class=\"wp-block-separator has-alpha-channel-opacity\"\/>\n\n\n\n<p><\/p>\n\n\n\n<h2 class=\"wp-block-heading\">3. C\u00f3mo elegir tu valla: altura, <strong>distancia entre postes<\/strong>, lamas y <strong>postes de aluminio<\/strong><\/h2>\n\n\n\n<p>Elegir bien es la mitad del \u00e9xito. Aqu\u00ed est\u00e1 mi checklist de instalador:<\/p>\n\n\n\n<ul class=\"wp-block-list\">\n<li><strong>Altura<\/strong>: define <strong>privacidad<\/strong> y <strong>exposici\u00f3n al viento<\/strong>. El maximo es de 2m de altura, mas de eso es peligroso.<br><\/li>\n\n\n\n<li><strong>Distancia entre postes<\/strong>: en nuestras vallas es <strong>menor que la media del mercado<\/strong>. Resultado: vallas <strong>m\u00e1s s\u00f3lidas<\/strong> y estables a largo plazo.<br><\/li>\n\n\n\n<li><strong>Postes de aluminio<\/strong>: obligatorios en nuestras vallas. No se oxidan, no \u201ccantan\u201d con el tiempo y admiten <strong>remate superior de aluminio<\/strong> que a\u00f1ade rigidez y deja un <strong>look moderno<\/strong>.<br><\/li>\n\n\n\n<li><strong>Tipo de lama<\/strong>: apostamos por lamas que <strong>no se retuercen ni doblan<\/strong> con el sol. Esa es, honestamente, una de las quejas m\u00e1s comunes que me traen de otras marcas.<br><\/li>\n\n\n\n<li><strong>Acabado<\/strong>: si quieres madera sin mantenimiento, elige <strong>imitaci\u00f3n madera<\/strong> con buen veteado. Con nuestras vallas la gente alucina con lo realista que queda.<br><\/li>\n\n\n\n<li><strong>Remate superior de aluminio<\/strong>: adem\u00e1s de bonito, <strong>amordaza<\/strong> la fila superior de lamas y suma <strong>robustez<\/strong>. Es un \u201cmust\u201d en mis vallas.<br><\/li>\n<\/ul>\n\n\n<div class=\"wp-block-image\">\n<figure class=\"aligncenter\"><img loading=\"lazy\" decoding=\"async\" width=\"400\" height=\"616\" src=\"https:\/\/www.tarimadeck.com\/blog\/wp-content\/uploads\/Vallas-de-composite-mucho-mas-que-una-simple-valla.webp\" alt=\"Vallas de composite mucho m\u00e1s que una simple valla\" class=\"wp-image-3220\" srcset=\"https:\/\/www.tarimadeck.com\/blog\/wp-content\/uploads\/Vallas-de-composite-mucho-mas-que-una-simple-valla.webp 400w, https:\/\/www.tarimadeck.com\/blog\/wp-content\/uploads\/Vallas-de-composite-mucho-mas-que-una-simple-valla-390x600.webp 390w\" sizes=\"auto, (max-width: 400px) 100vw, 400px\" \/><\/figure><\/div>\n\n\n<p><\/p>\n\n\n\n<hr class=\"wp-block-separator has-alpha-channel-opacity\"\/>\n\n\n\n<p><\/p>\n\n\n\n<h2 class=\"wp-block-heading\">4. Instalaci\u00f3n paso a paso <strong>sin herramientas costosas<\/strong> (con trucos de instalador)<\/h2>\n\n\n\n<p>Una verdad que mis clientes valoran casi tanto como la est\u00e9tica: <strong>la sencillez de instalaci\u00f3n<\/strong>. Nuestros modelos son <strong>los m\u00e1s sencillos de instalar con mucha diferencia<\/strong>. Literalmente, <strong>cualquiera puede conseguir un acabado profesional<\/strong> sin herramientas caras.<\/p>\n\n\n\n<p><strong>Pasos resumen de nuestro m\u00e9todo:<\/strong><\/p>\n\n\n\n<ol class=\"wp-block-list\">\n<li><strong>Replanteo<\/strong>: mide y marca ejes. Prefiero marcar primero esquinas y tensar una cuerda para que todo quede perfectamente alineado.<br><\/li>\n\n\n\n<li><strong>Anclaje de postes<\/strong>: Taco nil\u00f3n o taco qu\u00edmico, seg\u00fan suelo. Nivel, alineaci\u00f3n y taladro de los 4 agujeros por poste, fijaci\u00f3n de los tornillos y listo ya tienes media valla hecha.<br><\/li>\n\n\n\n<li><strong>Colocaci\u00f3n de lamas<\/strong>: encaja las lamas una encima de otra, comprobando el nivel. Con nuestras lamas, no hay \u201cbaile\u201d ni torsiones raras.<br><\/li>\n\n\n\n<li><strong>Remate superior de aluminio<\/strong>: fija y protege. Deja el conjunto <strong>limpio y moderno<\/strong>.<br><\/li>\n\n\n\n<li><strong>Remates y tapas<\/strong>: sellado est\u00e9tico de postes y terminaciones.<br><\/li>\n<\/ol>\n\n\n\n<p><strong>Trucos de oficio:<\/strong><\/p>\n\n\n\n<ul class=\"wp-block-list\">\n<li>Monta <strong>siempre<\/strong> con el <strong>poste de aluminio<\/strong> perfectamente a plomo. Te evita correcciones luego.<br><\/li>\n\n\n\n<li>Si hay <strong>pendiente<\/strong>, escalona la valla o usa lamas recortadas para mantener <strong>el nivel visual<\/strong>.<br><\/li>\n\n\n\n<li>No te obsesiones con herramientas \u201cpro\u201d; con un nivel, taladro\/atornillador, sierra de calar y una buena broca vas sobrado. Yo he hecho montajes impecables as\u00ed.<br><\/li>\n<\/ul>\n\n\n\n<h3 class=\"wp-block-heading\">Tiempo de montaje y herramientas m\u00ednimas<br><\/h3>\n\n\n\n<p>Una valla est\u00e1ndar de <strong>10 m x 1,80 m<\/strong> puede dejarse lista en <strong>1 d\u00eda<\/strong> dos personas acostumbradas, <strong>2 d\u00edas<\/strong> si es tu primera vez. Herramientas: nivel, metro, lapiz, taladro\/atornillador, sierra de calar.<\/p>\n\n\n<div class=\"wp-block-image\">\n<figure class=\"aligncenter size-medium is-resized\"><img loading=\"lazy\" decoding=\"async\" width=\"600\" height=\"600\" src=\"https:\/\/www.tarimadeck.com\/blog\/wp-content\/uploads\/accesorios-montaje-valla-composite-600x600.webp\" alt=\"accesorios montaje valla composite\" class=\"wp-image-4082\" style=\"width:602px;height:auto\" srcset=\"https:\/\/www.tarimadeck.com\/blog\/wp-content\/uploads\/accesorios-montaje-valla-composite-600x600.webp 600w, https:\/\/www.tarimadeck.com\/blog\/wp-content\/uploads\/accesorios-montaje-valla-composite-1024x1024.webp 1024w, https:\/\/www.tarimadeck.com\/blog\/wp-content\/uploads\/accesorios-montaje-valla-composite-150x150.webp 150w, https:\/\/www.tarimadeck.com\/blog\/wp-content\/uploads\/accesorios-montaje-valla-composite-1536x1536.webp 1536w, https:\/\/www.tarimadeck.com\/blog\/wp-content\/uploads\/accesorios-montaje-valla-composite-2048x2048.webp 2048w\" sizes=\"auto, (max-width: 600px) 100vw, 600px\" \/><\/figure><\/div>\n\n\n<hr class=\"wp-block-separator has-alpha-channel-opacity\"\/>\n\n\n\n<p><\/p>\n\n\n\n<h2 class=\"wp-block-heading\">5. Precio por metro y <strong>c\u00e1lculo de materiales<\/strong> seg\u00fan <strong>metros lineales y altura<\/strong><br><\/h2>\n\n\n\n<p>Hablemos claro: el coste depende de <strong>altura<\/strong>, <strong>tipo de lama<\/strong>, <strong>n\u00famero de postes<\/strong> y <strong>remates<\/strong>. <\/p>\n\n\n\n<blockquote class=\"wp-block-quote is-layout-flow wp-block-quote-is-layout-flow\">\n<p><strong>Servicio que ofrecemos siempre:<\/strong> nos dices los <strong>metros lineales y la altura<\/strong> y <strong>te calculo todo lo que necesitas<\/strong> (un kit completo, sin sorpresas). Es una de las cosas que m\u00e1s agradecen nuestros clientes: llegar a obra con el material justo y claro.<\/p>\n<\/blockquote>\n\n\n\n<h3 class=\"wp-block-heading\">\u00bfQu\u00e9 incluye el \u201ckit completo\u201d ideal?<\/h3>\n\n\n\n<ul class=\"wp-block-list\">\n<li>Postes + tapas + anclajes<\/li>\n\n\n\n<li>Lamas necesarias<\/li>\n\n\n\n<li>Remate superior de aluminio<\/li>\n\n\n\n<li>Manual de montaje breve <br><\/li>\n<\/ul>\n\n\n\n<hr class=\"wp-block-separator has-alpha-channel-opacity\"\/>\n\n\n\n<p><\/p>\n\n\n\n<h2 class=\"wp-block-heading\">6. Mantenimiento y limpieza: de \u201cmanguerazo\u201d a impecable<\/h2>\n\n\n\n<p>Otra raz\u00f3n por la que nos piden vallas de composite es por el <strong>mantenimiento m\u00ednimo<\/strong>. <br><br>En el 90% de los casos, basta con un <strong>manguerazo<\/strong>. Si hay manchas org\u00e1nicas, un jab\u00f3n neutro y esponja suave. Nada de lijar ni barnizar, ni historias.<\/p>\n\n\n\n<h3 class=\"wp-block-heading\">Limpieza, manchas y color con el sol<\/h3>\n\n\n\n<ul class=\"wp-block-list\">\n<li><strong>Suciedad general<\/strong>: agua a presi\u00f3n moderada + jab\u00f3n neutro.<br><\/li>\n\n\n\n<li><strong>Manchas dif\u00edciles<\/strong> (grasas): desengrasante suave, enjuagar bien.<br><\/li>\n\n\n\n<li><strong>Color<\/strong>: toda superficie exterior \u201cvive\u201d con el sol, pero con buenas lamas <strong>no ver\u00e1s deformaci\u00f3n<\/strong> ni torsi\u00f3n. En mi experiencia, ah\u00ed est\u00e1 el gran diferencial: <strong>mis lamas no se retuercen<\/strong> ni en veranos duros.<br><\/li>\n<\/ul>\n\n\n\n<hr class=\"wp-block-separator has-alpha-channel-opacity\"\/>\n\n\n\n<p><\/p>\n\n\n\n<h2 class=\"wp-block-heading\">7. Dise\u00f1o y est\u00e9tica: <strong>lamas que no se retuercen<\/strong>, <strong>remate superior de aluminio<\/strong> y acabados imitaci\u00f3n madera<br><\/h2>\n\n\n\n<p>Aqu\u00ed es donde el composite brilla. Los <strong>acabados imitaci\u00f3n madera<\/strong> que tenemos son <strong>muy bonitos<\/strong> y realistas.<br><br>Con el <strong>remate superior de aluminio<\/strong>, la l\u00ednea queda <strong>minimalista<\/strong> y no \u201ccanta\u201d el canto de la lama. Resultado: jard\u00edn m\u00e1s <strong>moderno<\/strong>, limpio y sin trabajos de mantenimiento.<br><\/p>\n\n\n\n<hr class=\"wp-block-separator has-alpha-channel-opacity\"\/>\n\n\n\n<p><\/p>\n\n\n\n<h2 class=\"wp-block-heading\">8. Errores comunes al comprar vallas de composite (y c\u00f3mo evitarlos)<br><\/h2>\n\n\n\n<ul class=\"wp-block-list\">\n<li><strong>Escatimar en postes<\/strong>: lo barato sale caro. He visto vallas \u201ctambalearse\u201d por querer meter vanos enormes.<br><\/li>\n\n\n\n<li><strong>Olvidar el remate<\/strong>: el <strong>remate de aluminio<\/strong> es est\u00e9tica y estructura. Sin \u00e9l, la fila superior sufre m\u00e1s.<br><\/li>\n\n\n\n<li><strong>Comprar sin c\u00e1lculo<\/strong>: faltan piezas a mitad de obra. Por eso <strong>nosotros calculamos tu kit<\/strong> con tus medidas reales.<br><\/li>\n\n\n\n<li><strong>Elegir lamas que se deforman<\/strong>: en cat\u00e1logos todas parecen iguales. En obra, no. <strong>Prioriza lamas que no se retuercen<\/strong> (experiencia pura y dura).<br><\/li>\n<\/ul>\n\n\n\n<hr class=\"wp-block-separator has-alpha-channel-opacity\"\/>\n\n\n\n<p><\/p>\n\n\n\n<h2 class=\"wp-block-heading\">9. Dudas r\u00e1pidas (FAQ)<\/h2>\n\n\n\n<p><strong>\u00bfPuedo montarla yo?<\/strong><br>S\u00ed. Nuestros modelos son <strong>muy f\u00e1ciles de instalar<\/strong> y no necesitas herramientas costosas.<\/p>\n\n\n\n<p><strong>\u00bfSe oxidan los postes?<\/strong><br>No: nuestros <strong>postes son de aluminio<\/strong>. Es una de las razones por las que nuestras vallas estan impecables.<\/p>\n\n\n\n<p><strong>\u00bfC\u00f3mo se limpian?<\/strong><br>Con un <strong>manguerazo<\/strong> y, si hace falta, jab\u00f3n neutro.<\/p>\n\n\n\n<p><strong>\u00bfQu\u00e9 pasa con el sol?<\/strong><br>Con <strong>lamas de calidad<\/strong>, no se <strong>doblan<\/strong> ni se <strong>retuercen<\/strong>. Es un requisito que exijo siempre.<br><\/p>\n\n\n\n<hr class=\"wp-block-separator has-alpha-channel-opacity\"\/>\n\n\n\n<p><\/p>\n\n\n\n<h2 class=\"wp-block-heading\">Tabla r\u00e1pida: composite vs. otras soluciones<\/h2>\n\n\n\n<figure class=\"wp-block-table\"><table class=\"has-fixed-layout\"><thead><tr><th>Material<\/th><th>Mantenimiento<\/th><th>Est\u00e9tica madera<\/th><th>Rigidez\/robustez<\/th><th>Resistencia al sol\/agua<\/th><th>Nota pr\u00e1ctica<\/th><\/tr><\/thead><tbody><tr><td><strong>Composite (WPC)<\/strong><\/td><td>Bajo (agua y jab\u00f3n)<\/td><td>Alta (imitaci\u00f3n madera)<\/td><td>Alta (con <strong>menos distancia entre postes<\/strong>)<\/td><td>Muy buena (lamas que <strong>no se retuercen<\/strong>)<\/td><td>Mi opci\u00f3n favorita para jard\u00edn<\/td><\/tr><tr><td><strong>Madera natural<\/strong><\/td><td>Alto (lijar\/barnizar)<\/td><td>M\u00e1xima (madera real)<\/td><td>Media (depende de especie)<\/td><td>Media (necesita protecci\u00f3n)<\/td><td>Bonita, pero trabajosa<\/td><\/tr><tr><td><strong>PVC<\/strong><\/td><td>Bajo<\/td><td>Media<\/td><td>Media<\/td><td>Media<\/td><td>Puede flexar y decolorar<\/td><\/tr><tr><td><strong>Aluminio (lamas)<\/strong><\/td><td>Bajo<\/td><td>Baja (look met\u00e1lico)<\/td><td>Muy alta<\/td><td>Muy alta<\/td><td>Las lamas con muy fr\u00edas visualmente; <\/td><\/tr><\/tbody><\/table><\/figure>\n\n\n\n<h2 class=\"wp-block-heading\">Conclusion<\/h2>\n\n\n\n<p class=\"has-text-align-left\">Las <strong>vallas de composite para jard\u00edn<\/strong> son la opci\u00f3n ideal para quienes buscan <strong>privacidad, estilo y comodidad<\/strong>. Su <strong>f\u00e1cil instalaci\u00f3n<\/strong>, combinada con su <strong>durabilidad y resistencia<\/strong>, las convierten en la soluci\u00f3n perfecta para jardines de chalets y grandes espacios. <br><br>Adem\u00e1s, el hecho de que no requieren mantenimiento las hace una inversi\u00f3n inteligente y pr\u00e1ctica.<br><br>Si quieres <strong>privacidad<\/strong>, <strong>est\u00e9tica madera<\/strong> y <strong>cero complicaciones<\/strong>, una <strong>valla de composite<\/strong> es lo mejor,<br>. <br>Nuestra receta tras cientos de montajes: <strong>postes de aluminio<\/strong>, <strong>distancia entre postes menor<\/strong>, <strong>lamas que no se retuercen<\/strong> y <strong>remate superior de aluminio<\/strong>. <br><br>Y si te l\u00edas con el pedido, <strong>me pasas metros lineales y altura y te calculo el kit completo<\/strong>. As\u00ed de simple.<br><br>Complementa tu valla con <a href=\"https:\/\/www.tarimadeck.com\/tarima-de-exterior.html\" title=\"\">tarimas de exterior<\/a>, <a href=\"https:\/\/www.tarimadeck.com\/cesped-artificial.html\" title=\"\">c\u00e9sped artificial<\/a> y mucho m\u00e1s<\/p>\n\n\n\n<figure class=\"wp-block-gallery has-nested-images columns-default is-cropped wp-block-gallery-1 is-layout-flex wp-block-gallery-is-layout-flex\">\n<figure class=\"wp-block-image size-full\"><img loading=\"lazy\" decoding=\"async\" width=\"1024\" height=\"1024\" data-id=\"4077\" src=\"https:\/\/www.tarimadeck.com\/blog\/wp-content\/uploads\/valla-composite-ipe-frontal-1024x1024-1.webp\" alt=\"valla composite ipe\" class=\"wp-image-4077\" srcset=\"https:\/\/www.tarimadeck.com\/blog\/wp-content\/uploads\/valla-composite-ipe-frontal-1024x1024-1.webp 1024w, https:\/\/www.tarimadeck.com\/blog\/wp-content\/uploads\/valla-composite-ipe-frontal-1024x1024-1-600x600.webp 600w, https:\/\/www.tarimadeck.com\/blog\/wp-content\/uploads\/valla-composite-ipe-frontal-1024x1024-1-150x150.webp 150w\" sizes=\"auto, (max-width: 1024px) 100vw, 1024px\" \/><\/figure>\n\n\n\n<figure class=\"wp-block-image size-full\"><img loading=\"lazy\" decoding=\"async\" width=\"1024\" height=\"1024\" data-id=\"4079\" src=\"https:\/\/www.tarimadeck.com\/blog\/wp-content\/uploads\/valla-composite-antracita-frontal-1024x1024-1.webp\" alt=\"valla composite antracita\" class=\"wp-image-4079\" srcset=\"https:\/\/www.tarimadeck.com\/blog\/wp-content\/uploads\/valla-composite-antracita-frontal-1024x1024-1.webp 1024w, https:\/\/www.tarimadeck.com\/blog\/wp-content\/uploads\/valla-composite-antracita-frontal-1024x1024-1-600x600.webp 600w, https:\/\/www.tarimadeck.com\/blog\/wp-content\/uploads\/valla-composite-antracita-frontal-1024x1024-1-150x150.webp 150w\" sizes=\"auto, (max-width: 1024px) 100vw, 1024px\" \/><\/figure>\n\n\n\n<figure class=\"wp-block-image size-full\"><img loading=\"lazy\" decoding=\"async\" width=\"1024\" height=\"1024\" data-id=\"4078\" src=\"https:\/\/www.tarimadeck.com\/blog\/wp-content\/uploads\/valla-composite-teka-frontal-1024x1024-1.webp\" alt=\"valla composite teka\" class=\"wp-image-4078\" srcset=\"https:\/\/www.tarimadeck.com\/blog\/wp-content\/uploads\/valla-composite-teka-frontal-1024x1024-1.webp 1024w, https:\/\/www.tarimadeck.com\/blog\/wp-content\/uploads\/valla-composite-teka-frontal-1024x1024-1-600x600.webp 600w, https:\/\/www.tarimadeck.com\/blog\/wp-content\/uploads\/valla-composite-teka-frontal-1024x1024-1-150x150.webp 150w\" sizes=\"auto, (max-width: 1024px) 100vw, 1024px\" \/><\/figure>\n<\/figure>\n\n\n\n<p class=\"has-text-align-left\"><\/p>\n\n\n\n<h3 class=\"wp-block-heading has-text-align-center\"><strong>Contacta con nosotros:<\/strong><\/h3>\n\n\n\n<p class=\"has-text-align-center\"><a href=\"mailto:info@tarimadeck.com\" title=\"\">info@tarimadeck.com<\/a><\/p>\n\n\n\n<p class=\"has-text-align-center\">680 341 745<\/p>\n\n\n\n<p class=\"has-text-align-center\">Estaremos encantados de asesorarte en lo que desees<\/p>\n\n\n\n<p><\/p>\n\n\n\n<h4 class=\"wp-block-heading has-text-align-center\"><strong>Tarimadeck, tu especialista en vallas de composite.<\/strong><\/h4>\n\n\n\n<p><\/p>\n","protected":false},"excerpt":{"rendered":"<p>1. Qu\u00e9 es el composite (WPC) y por qu\u00e9 es mejor para vallas de exterior El composite (tambi\u00e9n llamado WPC, madera tecnol\u00f3gica, madera sint\u00e9tica o madera pl\u00e1stica) es una mezcla de fibras de madera y pol\u00edmeros dise\u00f1ada para resistir la intemperie sin los dolores de cabeza de la madera natural. \u00bfQu\u00e9 significa en cristiano? Que&hellip;&nbsp;<a href=\"https:\/\/www.tarimadeck.com\/blog\/vallas-de-composite-para-jardin-guia-practica-de-compra-e-instalacion\" class=\"\" rel=\"bookmark\">Leer m\u00e1s &raquo;<span class=\"screen-reader-text\">Vallas de composite para jard\u00edn: gu\u00eda pr\u00e1ctica de compra e instalaci\u00f3n<\/span><\/a><\/p>\n","protected":false},"author":2,"featured_media":0,"comment_status":"closed","ping_status":"closed","sticky":false,"template":"","format":"standard","meta":{"neve_meta_sidebar":"","neve_meta_container":"","neve_meta_enable_content_width":"","neve_meta_content_width":0,"neve_meta_title_alignment":"","neve_meta_author_avatar":"","neve_post_elements_order":"","neve_meta_disable_header":"","neve_meta_disable_footer":"","neve_meta_disable_title":"","footnotes":""},"categories":[1],"tags":[],"class_list":["post-4081","post","type-post","status-publish","format-standard","hentry","category-decoracion-de-exteriores-y-paisajismo"],"aioseo_notices":[],"_links":{"self":[{"href":"https:\/\/www.tarimadeck.com\/blog\/wp-json\/wp\/v2\/posts\/4081","targetHints":{"allow":["GET"]}}],"collection":[{"href":"https:\/\/www.tarimadeck.com\/blog\/wp-json\/wp\/v2\/posts"}],"about":[{"href":"https:\/\/www.tarimadeck.com\/blog\/wp-json\/wp\/v2\/types\/post"}],"author":[{"embeddable":true,"href":"https:\/\/www.tarimadeck.com\/blog\/wp-json\/wp\/v2\/users\/2"}],"replies":[{"embeddable":true,"href":"https:\/\/www.tarimadeck.com\/blog\/wp-json\/wp\/v2\/comments?post=4081"}],"version-history":[{"count":2,"href":"https:\/\/www.tarimadeck.com\/blog\/wp-json\/wp\/v2\/posts\/4081\/revisions"}],"predecessor-version":[{"id":4085,"href":"https:\/\/www.tarimadeck.com\/blog\/wp-json\/wp\/v2\/posts\/4081\/revisions\/4085"}],"wp:attachment":[{"href":"https:\/\/www.tarimadeck.com\/blog\/wp-json\/wp\/v2\/media?parent=4081"}],"wp:term":[{"taxonomy":"category","embeddable":true,"href":"https:\/\/www.tarimadeck.com\/blog\/wp-json\/wp\/v2\/categories?post=4081"},{"taxonomy":"post_tag","embeddable":true,"href":"https:\/\/www.tarimadeck.com\/blog\/wp-json\/wp\/v2\/tags?post=4081"}],"curies":[{"name":"wp","href":"https:\/\/api.w.org\/{rel}","templated":true}]}}